{"id":3414,"date":"2022-04-08T20:50:10","date_gmt":"2022-04-08T18:50:10","guid":{"rendered":"https:\/\/lebenstanz.info\/2022\/04\/08\/rencontre-de-chanteurs-a-remetschwiel\/"},"modified":"2024-01-20T17:34:54","modified_gmt":"2024-01-20T16:34:54","slug":"rencontre-de-chanteurs-a-remetschwiel","status":"publish","type":"post","link":"https:\/\/lebenstanz.info\/fr\/2022\/04\/08\/rencontre-de-chanteurs-a-remetschwiel\/","title":{"rendered":"Rencontre de chanteurs \u00e0 Remetschwiel"},"content":{"rendered":"<p><strong>Invitation et inscription \u00e0 la rencontre des chanteurs 2022<\/strong><\/p>\n<p>Chers drumchiefs, chers responsables de groupes de chant*, chers chanteurs*,<\/p>\n<p>cette ann\u00e9e, dans le cadre de la 30e \u00e9dition de la Danse de la vie europ\u00e9enne 2022, il y aura \u00e0 nouveau une rencontre de chanteurs*. Toute personne qui aime chanter les chansons au son du grand tambour est invit\u00e9e.<\/p>\n<p>La rencontre des chanteurs aura lieu du <strong>27 au 29 mai 2022<\/strong> au <strong>Seminarhaus Remetschwiel<\/strong>, \u00e0 la fronti\u00e8re germano-suisse, pr\u00e8s de Waldshut-Tiengen<a href=\"https:\/\/seminarhaus-remetschwiel.de\/\">(https:\/\/seminarhaus-remetschwiel.de\/)<\/a>.<\/p>\n<p>Le week-end commencera le vendredi 27 mai 2022 par un d\u00eener en commun et se terminera le dimanche 29 mai 2022 apr\u00e8s le d\u00e9jeuner et la r\u00e9union de cl\u00f4ture.<\/p>\n<p>Le vendredi, il est possible d&rsquo;arriver \u00e0 partir de 14 heures.<\/p>\n<p>La contribution pour ce week-end, y compris les repas, d\u00e9pend du nombre de personnes participantes et s&rsquo;\u00e9l\u00e8ve \u00e0 140,- euros (jusqu&rsquo;\u00e0 20 personnes) ou 125,- euros (\u00e0 partir de 20 personnes). A apporter en esp\u00e8ces \u00e0 la r\u00e9union des chanteurs. Les dons sont les bienvenus.<\/p>\n<p>Veuillez envoyer la fiche d&rsquo;inscription remplie par e-mail \u00e0 : <a href=\"mailto:saengertreffen-2022@gmx.de\">saengertreffen-2022@gmx.de<\/a><\/p>\n<p>Vous recevrez alors une confirmation d&rsquo;inscription et toutes les informations utiles en temps voulu avant la rencontre des chanteurs.<\/p>\n<p>Pour information : les personnes qui participent \u00e0 la fois \u00e0 la rencontre des chanteurs et \u00e0 la 30e danse de vie 2022 en tant que chanteur* seront rembours\u00e9es pendant ou apr\u00e8s la danse de vie.<\/p>\n<p>Je vous salue cordialement<\/p>\n<p>B\u00e4rbel, Regina et Marton<\/p>\n","protected":false},"excerpt":{"rendered":"<p>Invitation et inscription \u00e0 la rencontre des chanteurs 2022 Chers  [&#8230;]<\/p>\n","protected":false},"author":4,"featured_media":3059,"comment_status":"closed","ping_status":"open","sticky":false,"template":"","format":"standard","meta":{"footnotes":""},"categories":[17],"tags":[],"class_list":["post-3414","post","type-post","status-publish","format-standard","has-post-thumbnail","hentry","category-non-classifiee"],"yoast_head":"<!-- This site is optimized with the Yoast SEO plugin v27.5 - https:\/\/yoast.com\/product\/yoast-seo-wordpress\/ -->\n<title>Rencontre de chanteurs \u00e0 Remetschwiel - Lebenstanz<\/title>\n<meta name=\"robots\" content=\"index, follow, max-snippet:-1, max-image-preview:large, max-video-preview:-1\" \/>\n<link rel=\"canonical\" href=\"https:\/\/lebenstanz.info\/fr\/2022\/04\/08\/rencontre-de-chanteurs-a-remetschwiel\/\" \/>\n<meta property=\"og:locale\" content=\"fr_FR\" \/>\n<meta property=\"og:type\" content=\"article\" \/>\n<meta property=\"og:title\" content=\"Rencontre de chanteurs \u00e0 Remetschwiel - Lebenstanz\" \/>\n<meta property=\"og:description\" content=\"Invitation et inscription \u00e0 la rencontre des chanteurs 2022 Chers [...]\" \/>\n<meta property=\"og:url\" content=\"https:\/\/lebenstanz.info\/fr\/2022\/04\/08\/rencontre-de-chanteurs-a-remetschwiel\/\" \/>\n<meta property=\"og:site_name\" content=\"Lebenstanz\" \/>\n<meta property=\"article:publisher\" content=\"https:\/\/www.facebook.com\/lebenstanzinfo\/\" \/>\n<meta property=\"article:published_time\" content=\"2022-04-08T18:50:10+00:00\" \/>\n<meta property=\"article:modified_time\" content=\"2024-01-20T16:34:54+00:00\" \/>\n<meta property=\"og:image\" content=\"https:\/\/lebenstanz.info\/wp-content\/uploads\/2022\/03\/Trommelschla\u0308ger-scaled.jpg\" \/>\n\t<meta property=\"og:image:width\" content=\"2560\" \/>\n\t<meta property=\"og:image:height\" content=\"2536\" \/>\n\t<meta property=\"og:image:type\" content=\"image\/jpeg\" \/>\n<meta name=\"author\" content=\"Dana Ott\" \/>\n<meta name=\"twitter:card\" content=\"summary_large_image\" \/>\n<meta name=\"twitter:label1\" content=\"\u00c9crit par\" \/>\n\t<meta name=\"twitter:data1\" content=\"Dana Ott\" \/>\n\t<meta name=\"twitter:label2\" content=\"Dur\u00e9e de lecture estim\u00e9e\" \/>\n\t<meta name=\"twitter:data2\" content=\"1 minute\" \/>\n<script type=\"application\/ld+json\" class=\"yoast-schema-graph\">{\"@context\":\"https:\\\/\\\/schema.org\",\"@graph\":[{\"@type\":\"Article\",\"@id\":\"https:\\\/\\\/lebenstanz.info\\\/fr\\\/2022\\\/04\\\/08\\\/rencontre-de-chanteurs-a-remetschwiel\\\/#article\",\"isPartOf\":{\"@id\":\"https:\\\/\\\/lebenstanz.info\\\/fr\\\/2022\\\/04\\\/08\\\/rencontre-de-chanteurs-a-remetschwiel\\\/\"},\"author\":{\"name\":\"Dana Ott\",\"@id\":\"https:\\\/\\\/lebenstanz.info\\\/fr\\\/#\\\/schema\\\/person\\\/750a7a452ce60bf2bb180a65742606f0\"},\"headline\":\"Rencontre de chanteurs \u00e0 Remetschwiel\",\"datePublished\":\"2022-04-08T18:50:10+00:00\",\"dateModified\":\"2024-01-20T16:34:54+00:00\",\"mainEntityOfPage\":{\"@id\":\"https:\\\/\\\/lebenstanz.info\\\/fr\\\/2022\\\/04\\\/08\\\/rencontre-de-chanteurs-a-remetschwiel\\\/\"},\"wordCount\":244,\"publisher\":{\"@id\":\"https:\\\/\\\/lebenstanz.info\\\/fr\\\/#organization\"},\"image\":{\"@id\":\"https:\\\/\\\/lebenstanz.info\\\/fr\\\/2022\\\/04\\\/08\\\/rencontre-de-chanteurs-a-remetschwiel\\\/#primaryimage\"},\"thumbnailUrl\":\"https:\\\/\\\/lebenstanz.info\\\/wp-content\\\/uploads\\\/2022\\\/03\\\/Trommelschla\u0308ger-scaled.jpg\",\"articleSection\":[\"Non classifi\u00e9(e)\"],\"inLanguage\":\"fr-FR\"},{\"@type\":\"WebPage\",\"@id\":\"https:\\\/\\\/lebenstanz.info\\\/fr\\\/2022\\\/04\\\/08\\\/rencontre-de-chanteurs-a-remetschwiel\\\/\",\"url\":\"https:\\\/\\\/lebenstanz.info\\\/fr\\\/2022\\\/04\\\/08\\\/rencontre-de-chanteurs-a-remetschwiel\\\/\",\"name\":\"Rencontre de chanteurs \u00e0 Remetschwiel - Lebenstanz\",\"isPartOf\":{\"@id\":\"https:\\\/\\\/lebenstanz.info\\\/fr\\\/#website\"},\"primaryImageOfPage\":{\"@id\":\"https:\\\/\\\/lebenstanz.info\\\/fr\\\/2022\\\/04\\\/08\\\/rencontre-de-chanteurs-a-remetschwiel\\\/#primaryimage\"},\"image\":{\"@id\":\"https:\\\/\\\/lebenstanz.info\\\/fr\\\/2022\\\/04\\\/08\\\/rencontre-de-chanteurs-a-remetschwiel\\\/#primaryimage\"},\"thumbnailUrl\":\"https:\\\/\\\/lebenstanz.info\\\/wp-content\\\/uploads\\\/2022\\\/03\\\/Trommelschla\u0308ger-scaled.jpg\",\"datePublished\":\"2022-04-08T18:50:10+00:00\",\"dateModified\":\"2024-01-20T16:34:54+00:00\",\"breadcrumb\":{\"@id\":\"https:\\\/\\\/lebenstanz.info\\\/fr\\\/2022\\\/04\\\/08\\\/rencontre-de-chanteurs-a-remetschwiel\\\/#breadcrumb\"},\"inLanguage\":\"fr-FR\",\"potentialAction\":[{\"@type\":\"ReadAction\",\"target\":[\"https:\\\/\\\/lebenstanz.info\\\/fr\\\/2022\\\/04\\\/08\\\/rencontre-de-chanteurs-a-remetschwiel\\\/\"]}]},{\"@type\":\"ImageObject\",\"inLanguage\":\"fr-FR\",\"@id\":\"https:\\\/\\\/lebenstanz.info\\\/fr\\\/2022\\\/04\\\/08\\\/rencontre-de-chanteurs-a-remetschwiel\\\/#primaryimage\",\"url\":\"https:\\\/\\\/lebenstanz.info\\\/wp-content\\\/uploads\\\/2022\\\/03\\\/Trommelschla\u0308ger-scaled.jpg\",\"contentUrl\":\"https:\\\/\\\/lebenstanz.info\\\/wp-content\\\/uploads\\\/2022\\\/03\\\/Trommelschla\u0308ger-scaled.jpg\",\"width\":2560,\"height\":2536},{\"@type\":\"BreadcrumbList\",\"@id\":\"https:\\\/\\\/lebenstanz.info\\\/fr\\\/2022\\\/04\\\/08\\\/rencontre-de-chanteurs-a-remetschwiel\\\/#breadcrumb\",\"itemListElement\":[{\"@type\":\"ListItem\",\"position\":1,\"name\":\"Startseite\",\"item\":\"https:\\\/\\\/lebenstanz.info\\\/fr\\\/accueil\\\/\"},{\"@type\":\"ListItem\",\"position\":2,\"name\":\"Rencontre de chanteurs \u00e0 Remetschwiel\"}]},{\"@type\":\"WebSite\",\"@id\":\"https:\\\/\\\/lebenstanz.info\\\/fr\\\/#website\",\"url\":\"https:\\\/\\\/lebenstanz.info\\\/fr\\\/\",\"name\":\"Lebenstanz\",\"description\":\"Ein Traum ist Wirklichkeit\",\"publisher\":{\"@id\":\"https:\\\/\\\/lebenstanz.info\\\/fr\\\/#organization\"},\"potentialAction\":[{\"@type\":\"SearchAction\",\"target\":{\"@type\":\"EntryPoint\",\"urlTemplate\":\"https:\\\/\\\/lebenstanz.info\\\/fr\\\/?s={search_term_string}\"},\"query-input\":{\"@type\":\"PropertyValueSpecification\",\"valueRequired\":true,\"valueName\":\"search_term_string\"}}],\"inLanguage\":\"fr-FR\"},{\"@type\":\"Organization\",\"@id\":\"https:\\\/\\\/lebenstanz.info\\\/fr\\\/#organization\",\"name\":\"Lebenstanz\",\"url\":\"https:\\\/\\\/lebenstanz.info\\\/fr\\\/\",\"logo\":{\"@type\":\"ImageObject\",\"inLanguage\":\"fr-FR\",\"@id\":\"https:\\\/\\\/lebenstanz.info\\\/fr\\\/#\\\/schema\\\/logo\\\/image\\\/\",\"url\":\"https:\\\/\\\/lebenstanz.info\\\/wp-content\\\/uploads\\\/2021\\\/10\\\/Logo_Lebenstanz_160.png\",\"contentUrl\":\"https:\\\/\\\/lebenstanz.info\\\/wp-content\\\/uploads\\\/2021\\\/10\\\/Logo_Lebenstanz_160.png\",\"width\":160,\"height\":160,\"caption\":\"Lebenstanz\"},\"image\":{\"@id\":\"https:\\\/\\\/lebenstanz.info\\\/fr\\\/#\\\/schema\\\/logo\\\/image\\\/\"},\"sameAs\":[\"https:\\\/\\\/www.facebook.com\\\/lebenstanzinfo\\\/\"]},{\"@type\":\"Person\",\"@id\":\"https:\\\/\\\/lebenstanz.info\\\/fr\\\/#\\\/schema\\\/person\\\/750a7a452ce60bf2bb180a65742606f0\",\"name\":\"Dana Ott\",\"url\":\"https:\\\/\\\/lebenstanz.info\\\/fr\\\/author\\\/danaadmin2021\\\/\"}]}<\/script>\n<!-- \/ Yoast SEO plugin. -->","yoast_head_json":{"title":"Rencontre de chanteurs \u00e0 Remetschwiel - Lebenstanz","robots":{"index":"index","follow":"follow","max-snippet":"max-snippet:-1","max-image-preview":"max-image-preview:large","max-video-preview":"max-video-preview:-1"},"canonical":"https:\/\/lebenstanz.info\/fr\/2022\/04\/08\/rencontre-de-chanteurs-a-remetschwiel\/","og_locale":"fr_FR","og_type":"article","og_title":"Rencontre de chanteurs \u00e0 Remetschwiel - Lebenstanz","og_description":"Invitation et inscription \u00e0 la rencontre des chanteurs 2022 Chers [...]","og_url":"https:\/\/lebenstanz.info\/fr\/2022\/04\/08\/rencontre-de-chanteurs-a-remetschwiel\/","og_site_name":"Lebenstanz","article_publisher":"https:\/\/www.facebook.com\/lebenstanzinfo\/","article_published_time":"2022-04-08T18:50:10+00:00","article_modified_time":"2024-01-20T16:34:54+00:00","og_image":[{"width":2560,"height":2536,"url":"https:\/\/lebenstanz.info\/wp-content\/uploads\/2022\/03\/Trommelschla\u0308ger-scaled.jpg","type":"image\/jpeg"}],"author":"Dana Ott","twitter_card":"summary_large_image","twitter_misc":{"\u00c9crit par":"Dana Ott","Dur\u00e9e de lecture estim\u00e9e":"1 minute"},"schema":{"@context":"https:\/\/schema.org","@graph":[{"@type":"Article","@id":"https:\/\/lebenstanz.info\/fr\/2022\/04\/08\/rencontre-de-chanteurs-a-remetschwiel\/#article","isPartOf":{"@id":"https:\/\/lebenstanz.info\/fr\/2022\/04\/08\/rencontre-de-chanteurs-a-remetschwiel\/"},"author":{"name":"Dana Ott","@id":"https:\/\/lebenstanz.info\/fr\/#\/schema\/person\/750a7a452ce60bf2bb180a65742606f0"},"headline":"Rencontre de chanteurs \u00e0 Remetschwiel","datePublished":"2022-04-08T18:50:10+00:00","dateModified":"2024-01-20T16:34:54+00:00","mainEntityOfPage":{"@id":"https:\/\/lebenstanz.info\/fr\/2022\/04\/08\/rencontre-de-chanteurs-a-remetschwiel\/"},"wordCount":244,"publisher":{"@id":"https:\/\/lebenstanz.info\/fr\/#organization"},"image":{"@id":"https:\/\/lebenstanz.info\/fr\/2022\/04\/08\/rencontre-de-chanteurs-a-remetschwiel\/#primaryimage"},"thumbnailUrl":"https:\/\/lebenstanz.info\/wp-content\/uploads\/2022\/03\/Trommelschla\u0308ger-scaled.jpg","articleSection":["Non classifi\u00e9(e)"],"inLanguage":"fr-FR"},{"@type":"WebPage","@id":"https:\/\/lebenstanz.info\/fr\/2022\/04\/08\/rencontre-de-chanteurs-a-remetschwiel\/","url":"https:\/\/lebenstanz.info\/fr\/2022\/04\/08\/rencontre-de-chanteurs-a-remetschwiel\/","name":"Rencontre de chanteurs \u00e0 Remetschwiel - Lebenstanz","isPartOf":{"@id":"https:\/\/lebenstanz.info\/fr\/#website"},"primaryImageOfPage":{"@id":"https:\/\/lebenstanz.info\/fr\/2022\/04\/08\/rencontre-de-chanteurs-a-remetschwiel\/#primaryimage"},"image":{"@id":"https:\/\/lebenstanz.info\/fr\/2022\/04\/08\/rencontre-de-chanteurs-a-remetschwiel\/#primaryimage"},"thumbnailUrl":"https:\/\/lebenstanz.info\/wp-content\/uploads\/2022\/03\/Trommelschla\u0308ger-scaled.jpg","datePublished":"2022-04-08T18:50:10+00:00","dateModified":"2024-01-20T16:34:54+00:00","breadcrumb":{"@id":"https:\/\/lebenstanz.info\/fr\/2022\/04\/08\/rencontre-de-chanteurs-a-remetschwiel\/#breadcrumb"},"inLanguage":"fr-FR","potentialAction":[{"@type":"ReadAction","target":["https:\/\/lebenstanz.info\/fr\/2022\/04\/08\/rencontre-de-chanteurs-a-remetschwiel\/"]}]},{"@type":"ImageObject","inLanguage":"fr-FR","@id":"https:\/\/lebenstanz.info\/fr\/2022\/04\/08\/rencontre-de-chanteurs-a-remetschwiel\/#primaryimage","url":"https:\/\/lebenstanz.info\/wp-content\/uploads\/2022\/03\/Trommelschla\u0308ger-scaled.jpg","contentUrl":"https:\/\/lebenstanz.info\/wp-content\/uploads\/2022\/03\/Trommelschla\u0308ger-scaled.jpg","width":2560,"height":2536},{"@type":"BreadcrumbList","@id":"https:\/\/lebenstanz.info\/fr\/2022\/04\/08\/rencontre-de-chanteurs-a-remetschwiel\/#breadcrumb","itemListElement":[{"@type":"ListItem","position":1,"name":"Startseite","item":"https:\/\/lebenstanz.info\/fr\/accueil\/"},{"@type":"ListItem","position":2,"name":"Rencontre de chanteurs \u00e0 Remetschwiel"}]},{"@type":"WebSite","@id":"https:\/\/lebenstanz.info\/fr\/#website","url":"https:\/\/lebenstanz.info\/fr\/","name":"Lebenstanz","description":"Ein Traum ist Wirklichkeit","publisher":{"@id":"https:\/\/lebenstanz.info\/fr\/#organization"},"potentialAction":[{"@type":"SearchAction","target":{"@type":"EntryPoint","urlTemplate":"https:\/\/lebenstanz.info\/fr\/?s={search_term_string}"},"query-input":{"@type":"PropertyValueSpecification","valueRequired":true,"valueName":"search_term_string"}}],"inLanguage":"fr-FR"},{"@type":"Organization","@id":"https:\/\/lebenstanz.info\/fr\/#organization","name":"Lebenstanz","url":"https:\/\/lebenstanz.info\/fr\/","logo":{"@type":"ImageObject","inLanguage":"fr-FR","@id":"https:\/\/lebenstanz.info\/fr\/#\/schema\/logo\/image\/","url":"https:\/\/lebenstanz.info\/wp-content\/uploads\/2021\/10\/Logo_Lebenstanz_160.png","contentUrl":"https:\/\/lebenstanz.info\/wp-content\/uploads\/2021\/10\/Logo_Lebenstanz_160.png","width":160,"height":160,"caption":"Lebenstanz"},"image":{"@id":"https:\/\/lebenstanz.info\/fr\/#\/schema\/logo\/image\/"},"sameAs":["https:\/\/www.facebook.com\/lebenstanzinfo\/"]},{"@type":"Person","@id":"https:\/\/lebenstanz.info\/fr\/#\/schema\/person\/750a7a452ce60bf2bb180a65742606f0","name":"Dana Ott","url":"https:\/\/lebenstanz.info\/fr\/author\/danaadmin2021\/"}]}},"_links":{"self":[{"href":"https:\/\/lebenstanz.info\/fr\/wp-json\/wp\/v2\/posts\/3414","targetHints":{"allow":["GET"]}}],"collection":[{"href":"https:\/\/lebenstanz.info\/fr\/wp-json\/wp\/v2\/posts"}],"about":[{"href":"https:\/\/lebenstanz.info\/fr\/wp-json\/wp\/v2\/types\/post"}],"author":[{"embeddable":true,"href":"https:\/\/lebenstanz.info\/fr\/wp-json\/wp\/v2\/users\/4"}],"replies":[{"embeddable":true,"href":"https:\/\/lebenstanz.info\/fr\/wp-json\/wp\/v2\/comments?post=3414"}],"version-history":[{"count":1,"href":"https:\/\/lebenstanz.info\/fr\/wp-json\/wp\/v2\/posts\/3414\/revisions"}],"predecessor-version":[{"id":3878,"href":"https:\/\/lebenstanz.info\/fr\/wp-json\/wp\/v2\/posts\/3414\/revisions\/3878"}],"wp:featuredmedia":[{"embeddable":true,"href":"https:\/\/lebenstanz.info\/fr\/wp-json\/wp\/v2\/media\/3059"}],"wp:attachment":[{"href":"https:\/\/lebenstanz.info\/fr\/wp-json\/wp\/v2\/media?parent=3414"}],"wp:term":[{"taxonomy":"category","embeddable":true,"href":"https:\/\/lebenstanz.info\/fr\/wp-json\/wp\/v2\/categories?post=3414"},{"taxonomy":"post_tag","embeddable":true,"href":"https:\/\/lebenstanz.info\/fr\/wp-json\/wp\/v2\/tags?post=3414"}],"curies":[{"name":"wp","href":"https:\/\/api.w.org\/{rel}","templated":true}]}}