{"id":3289,"date":"2021-06-08T11:51:46","date_gmt":"2021-06-08T09:51:46","guid":{"rendered":"https:\/\/lebenstanz.info\/2021\/06\/08\/ceremonie-de-debut-de-printemps\/"},"modified":"2024-01-18T16:03:35","modified_gmt":"2024-01-18T15:03:35","slug":"ceremonie-de-debut-de-printemps","status":"publish","type":"post","link":"https:\/\/lebenstanz.info\/fr\/2021\/06\/08\/ceremonie-de-debut-de-printemps\/","title":{"rendered":"C\u00e9r\u00e9monie de d\u00e9but de printemps"},"content":{"rendered":"<div class=\"fusion-fullwidth fullwidth-box fusion-builder-row-1 fusion-flex-container nonhundred-percent-fullwidth non-hundred-percent-height-scrolling\" style=\"--awb-background-position:left top;--awb-border-sizes-top:0px;--awb-border-sizes-bottom:0px;--awb-border-sizes-left:0px;--awb-border-sizes-right:0px;--awb-border-radius-top-left:0px;--awb-border-radius-top-right:0px;--awb-border-radius-bottom-right:0px;--awb-border-radius-bottom-left:0px;--awb-padding-top:2%;--awb-padding-bottom:60px;--awb-flex-wrap:wrap;\" ><div class=\"fusion-builder-row fusion-row fusion-flex-align-items-flex-start fusion-flex-justify-content-center fusion-flex-content-wrap\" style=\"max-width:calc( 1170px + 0px );margin-left: calc(-0px \/ 2 );margin-right: calc(-0px \/ 2 );\"><div class=\"fusion-layout-column fusion_builder_column fusion-builder-column-0 fusion_builder_column_1_1 1_1 fusion-flex-column\" style=\"--awb-bg-size:cover;--awb-width-large:100%;--awb-margin-top-large:50px;--awb-spacing-right-large:calc( 0.02 * calc( 100% - 0px ) );--awb-margin-bottom-large:20px;--awb-spacing-left-large:calc( 0.02 * calc( 100% - 0px ) );--awb-width-medium:100%;--awb-spacing-right-medium:0px;--awb-spacing-left-medium:0px;--awb-width-small:100%;--awb-spacing-right-small:0px;--awb-spacing-left-small:0px;\"><div class=\"fusion-column-wrapper fusion-flex-justify-content-flex-start fusion-content-layout-column\"><div class=\"fusion-text fusion-text-1\" style=\"--awb-text-transform:none;\"><p>La c\u00e9r\u00e9monie est une pri\u00e8re et une force spirituelle. Nous savons tous, et nous en avons fait l&rsquo;exp\u00e9rience \u00e0 de nombreuses reprises, que les c\u00e9r\u00e9monies nous permettent d&rsquo;\u00eatre en harmonie avec nous-m\u00eames, avec grand-m\u00e8re Nature, avec les forces qui sont en nous et autour de nous. Nous pouvons nous d\u00e9barrasser de l&rsquo;ancien, construire des \u00e9nergies et donner de la force \u00e0 nos r\u00eaves et \u00e0 nos visions. En cette p\u00e9riode de bouleversements et de d\u00e9fis, cela nous semble particuli\u00e8rement important.<\/p>\n<p>Ici, une c\u00e9r\u00e9monie personnelle est int\u00e9gr\u00e9e dans un lien commun. Ainsi, une nouvelle possibilit\u00e9 personnelle peut se transformer en une vague commune puissante. Et peut-\u00eatre qu&rsquo;elle stimulera l&rsquo;une ou l&rsquo;autre nouvelle possibilit\u00e9 dans le monde ext\u00e9rieur.<\/p>\n<p><strong>Ainsi, nous t&rsquo;invitons cordialement \u00e0 une c\u00e9r\u00e9monie commune pour le d\u00e9but du printemps<\/strong>:<strong> <\/strong><\/p>\n<p><strong>Rendez-vous : <\/strong><span style=\"color: #ff6600;\">Dimanche 20 mars 2022 \u00e0 18 heures<\/span><\/p>\n<p><strong>lieu : <span style=\"color: #ff6600;\"> <\/span><\/strong><span style=\"color: #ff6600;\">dans l&rsquo;Esprit, chacun* \u00e0 sa place<\/span><\/p>\n<p><strong>L&rsquo;intention commune :<\/strong><\/p>\n<p>\u00ab\u00a0De mon lien avec la vie, je m&rsquo;ouvre \u00e0 la confiance en moi et en mes capacit\u00e9s d&rsquo;autogu\u00e9rison. J&rsquo;accueille le don et une nouvelle possibilit\u00e9 est n\u00e9e\u00a0\u00bb.<\/p>\n<p>Tu peux faire une c\u00e9r\u00e9monie de la pipe pour cette intention (fill de 7 ou de 20), ou chanter et jouer du tambour pour cela, peut-\u00eatre faire une hutte de sudation ou une marche dans la nature, ou encore cr\u00e9er \u00e0 ta mani\u00e8re une c\u00e9r\u00e9monie pour toi personnellement. Dis l&rsquo;intention commune au d\u00e9but, puis tu peux inviter les forces \u00e0 ta mani\u00e8re et les r\u00e9veiller en toi, avant de faire ta pri\u00e8re personnelle. Maintenant, ouvre-toi \u00e0 tes th\u00e8mes et d\u00e9fis dans ta vie, relie tes perceptions (images, sensations corporelles, sons, quelle que soit ton approche personnelle) \u00e0 l&rsquo;intention et sois ouvert et r\u00e9ceptif au cadeau et \u00e0 une nouvelle possibilit\u00e9 &#8230;<\/p>\n<p>Tu peux faire conna\u00eetre ton cadeau \u00e0 la vie et prier pour cela. Peut-\u00eatre que tu souhaites partager ton cadeau et cette nouvelle possibilit\u00e9 avec quelqu&rsquo;un, ou bien tu les gardes pour toi, c&rsquo;est toi qui d\u00e9cides &#8230;<\/p>\n<p>Nous vous souhaitons une bonne c\u00e9r\u00e9monie, forte et pleine d&rsquo;amour, et nous nous r\u00e9jouissons de vous voir nombreux \u00e0 r\u00eaver* dans Spirit.<\/p>\n<\/div><\/div><\/div><\/div><\/div>\n","protected":false},"excerpt":{"rendered":"","protected":false},"author":1,"featured_media":2637,"comment_status":"open","ping_status":"open","sticky":false,"template":"","format":"standard","meta":{"footnotes":""},"categories":[17],"tags":[],"class_list":["post-3289","post","type-post","status-publish","format-standard","has-post-thumbnail","hentry","category-non-classifiee"],"yoast_head":"<!-- This site is optimized with the Yoast SEO plugin v27.5 - https:\/\/yoast.com\/product\/yoast-seo-wordpress\/ -->\n<title>C\u00e9r\u00e9monie de d\u00e9but de printemps - Lebenstanz<\/title>\n<meta name=\"robots\" content=\"index, follow, max-snippet:-1, max-image-preview:large, max-video-preview:-1\" \/>\n<link rel=\"canonical\" href=\"https:\/\/lebenstanz.info\/fr\/2021\/06\/08\/ceremonie-de-debut-de-printemps\/\" \/>\n<meta property=\"og:locale\" content=\"fr_FR\" \/>\n<meta property=\"og:type\" content=\"article\" \/>\n<meta property=\"og:title\" content=\"C\u00e9r\u00e9monie de d\u00e9but de printemps - Lebenstanz\" \/>\n<meta property=\"og:url\" content=\"https:\/\/lebenstanz.info\/fr\/2021\/06\/08\/ceremonie-de-debut-de-printemps\/\" \/>\n<meta property=\"og:site_name\" content=\"Lebenstanz\" \/>\n<meta property=\"article:publisher\" content=\"https:\/\/www.facebook.com\/lebenstanzinfo\/\" \/>\n<meta property=\"article:published_time\" content=\"2021-06-08T09:51:46+00:00\" \/>\n<meta property=\"article:modified_time\" content=\"2024-01-18T15:03:35+00:00\" \/>\n<meta property=\"og:image\" content=\"https:\/\/lebenstanz.info\/wp-content\/uploads\/2016\/08\/Beitrag-2.jpg\" \/>\n\t<meta property=\"og:image:width\" content=\"357\" \/>\n\t<meta property=\"og:image:height\" content=\"357\" \/>\n\t<meta property=\"og:image:type\" content=\"image\/jpeg\" \/>\n<meta name=\"author\" content=\"lebenstanz2021\" \/>\n<meta name=\"twitter:card\" content=\"summary_large_image\" \/>\n<meta name=\"twitter:label1\" content=\"\u00c9crit par\" \/>\n\t<meta name=\"twitter:data1\" content=\"lebenstanz2021\" \/>\n\t<meta name=\"twitter:label2\" content=\"Dur\u00e9e de lecture estim\u00e9e\" \/>\n\t<meta name=\"twitter:data2\" content=\"3 minutes\" \/>\n<script type=\"application\/ld+json\" class=\"yoast-schema-graph\">{\"@context\":\"https:\\\/\\\/schema.org\",\"@graph\":[{\"@type\":\"Article\",\"@id\":\"https:\\\/\\\/lebenstanz.info\\\/fr\\\/2021\\\/06\\\/08\\\/ceremonie-de-debut-de-printemps\\\/#article\",\"isPartOf\":{\"@id\":\"https:\\\/\\\/lebenstanz.info\\\/fr\\\/2021\\\/06\\\/08\\\/ceremonie-de-debut-de-printemps\\\/\"},\"author\":{\"name\":\"lebenstanz2021\",\"@id\":\"https:\\\/\\\/lebenstanz.info\\\/fr\\\/#\\\/schema\\\/person\\\/627faf1f642cac1ff32b706eac0d96b9\"},\"headline\":\"C\u00e9r\u00e9monie de d\u00e9but de printemps\",\"datePublished\":\"2021-06-08T09:51:46+00:00\",\"dateModified\":\"2024-01-18T15:03:35+00:00\",\"mainEntityOfPage\":{\"@id\":\"https:\\\/\\\/lebenstanz.info\\\/fr\\\/2021\\\/06\\\/08\\\/ceremonie-de-debut-de-printemps\\\/\"},\"wordCount\":664,\"commentCount\":0,\"publisher\":{\"@id\":\"https:\\\/\\\/lebenstanz.info\\\/fr\\\/#organization\"},\"image\":{\"@id\":\"https:\\\/\\\/lebenstanz.info\\\/fr\\\/2021\\\/06\\\/08\\\/ceremonie-de-debut-de-printemps\\\/#primaryimage\"},\"thumbnailUrl\":\"https:\\\/\\\/lebenstanz.info\\\/wp-content\\\/uploads\\\/2016\\\/08\\\/Beitrag-2.jpg\",\"articleSection\":[\"Non classifi\u00e9(e)\"],\"inLanguage\":\"fr-FR\",\"potentialAction\":[{\"@type\":\"CommentAction\",\"name\":\"Comment\",\"target\":[\"https:\\\/\\\/lebenstanz.info\\\/fr\\\/2021\\\/06\\\/08\\\/ceremonie-de-debut-de-printemps\\\/#respond\"]}]},{\"@type\":\"WebPage\",\"@id\":\"https:\\\/\\\/lebenstanz.info\\\/fr\\\/2021\\\/06\\\/08\\\/ceremonie-de-debut-de-printemps\\\/\",\"url\":\"https:\\\/\\\/lebenstanz.info\\\/fr\\\/2021\\\/06\\\/08\\\/ceremonie-de-debut-de-printemps\\\/\",\"name\":\"C\u00e9r\u00e9monie de d\u00e9but de printemps - Lebenstanz\",\"isPartOf\":{\"@id\":\"https:\\\/\\\/lebenstanz.info\\\/fr\\\/#website\"},\"primaryImageOfPage\":{\"@id\":\"https:\\\/\\\/lebenstanz.info\\\/fr\\\/2021\\\/06\\\/08\\\/ceremonie-de-debut-de-printemps\\\/#primaryimage\"},\"image\":{\"@id\":\"https:\\\/\\\/lebenstanz.info\\\/fr\\\/2021\\\/06\\\/08\\\/ceremonie-de-debut-de-printemps\\\/#primaryimage\"},\"thumbnailUrl\":\"https:\\\/\\\/lebenstanz.info\\\/wp-content\\\/uploads\\\/2016\\\/08\\\/Beitrag-2.jpg\",\"datePublished\":\"2021-06-08T09:51:46+00:00\",\"dateModified\":\"2024-01-18T15:03:35+00:00\",\"breadcrumb\":{\"@id\":\"https:\\\/\\\/lebenstanz.info\\\/fr\\\/2021\\\/06\\\/08\\\/ceremonie-de-debut-de-printemps\\\/#breadcrumb\"},\"inLanguage\":\"fr-FR\",\"potentialAction\":[{\"@type\":\"ReadAction\",\"target\":[\"https:\\\/\\\/lebenstanz.info\\\/fr\\\/2021\\\/06\\\/08\\\/ceremonie-de-debut-de-printemps\\\/\"]}]},{\"@type\":\"ImageObject\",\"inLanguage\":\"fr-FR\",\"@id\":\"https:\\\/\\\/lebenstanz.info\\\/fr\\\/2021\\\/06\\\/08\\\/ceremonie-de-debut-de-printemps\\\/#primaryimage\",\"url\":\"https:\\\/\\\/lebenstanz.info\\\/wp-content\\\/uploads\\\/2016\\\/08\\\/Beitrag-2.jpg\",\"contentUrl\":\"https:\\\/\\\/lebenstanz.info\\\/wp-content\\\/uploads\\\/2016\\\/08\\\/Beitrag-2.jpg\",\"width\":357,\"height\":357},{\"@type\":\"BreadcrumbList\",\"@id\":\"https:\\\/\\\/lebenstanz.info\\\/fr\\\/2021\\\/06\\\/08\\\/ceremonie-de-debut-de-printemps\\\/#breadcrumb\",\"itemListElement\":[{\"@type\":\"ListItem\",\"position\":1,\"name\":\"Startseite\",\"item\":\"https:\\\/\\\/lebenstanz.info\\\/fr\\\/accueil\\\/\"},{\"@type\":\"ListItem\",\"position\":2,\"name\":\"C\u00e9r\u00e9monie de d\u00e9but de printemps\"}]},{\"@type\":\"WebSite\",\"@id\":\"https:\\\/\\\/lebenstanz.info\\\/fr\\\/#website\",\"url\":\"https:\\\/\\\/lebenstanz.info\\\/fr\\\/\",\"name\":\"Lebenstanz\",\"description\":\"Ein Traum ist Wirklichkeit\",\"publisher\":{\"@id\":\"https:\\\/\\\/lebenstanz.info\\\/fr\\\/#organization\"},\"potentialAction\":[{\"@type\":\"SearchAction\",\"target\":{\"@type\":\"EntryPoint\",\"urlTemplate\":\"https:\\\/\\\/lebenstanz.info\\\/fr\\\/?s={search_term_string}\"},\"query-input\":{\"@type\":\"PropertyValueSpecification\",\"valueRequired\":true,\"valueName\":\"search_term_string\"}}],\"inLanguage\":\"fr-FR\"},{\"@type\":\"Organization\",\"@id\":\"https:\\\/\\\/lebenstanz.info\\\/fr\\\/#organization\",\"name\":\"Lebenstanz\",\"url\":\"https:\\\/\\\/lebenstanz.info\\\/fr\\\/\",\"logo\":{\"@type\":\"ImageObject\",\"inLanguage\":\"fr-FR\",\"@id\":\"https:\\\/\\\/lebenstanz.info\\\/fr\\\/#\\\/schema\\\/logo\\\/image\\\/\",\"url\":\"https:\\\/\\\/lebenstanz.info\\\/wp-content\\\/uploads\\\/2021\\\/10\\\/Logo_Lebenstanz_160.png\",\"contentUrl\":\"https:\\\/\\\/lebenstanz.info\\\/wp-content\\\/uploads\\\/2021\\\/10\\\/Logo_Lebenstanz_160.png\",\"width\":160,\"height\":160,\"caption\":\"Lebenstanz\"},\"image\":{\"@id\":\"https:\\\/\\\/lebenstanz.info\\\/fr\\\/#\\\/schema\\\/logo\\\/image\\\/\"},\"sameAs\":[\"https:\\\/\\\/www.facebook.com\\\/lebenstanzinfo\\\/\"]},{\"@type\":\"Person\",\"@id\":\"https:\\\/\\\/lebenstanz.info\\\/fr\\\/#\\\/schema\\\/person\\\/627faf1f642cac1ff32b706eac0d96b9\",\"name\":\"lebenstanz2021\",\"sameAs\":[\"https:\\\/\\\/lebenstanz.info\"],\"url\":\"https:\\\/\\\/lebenstanz.info\\\/fr\\\/author\\\/lebenstanz2021\\\/\"}]}<\/script>\n<!-- \/ Yoast SEO plugin. -->","yoast_head_json":{"title":"C\u00e9r\u00e9monie de d\u00e9but de printemps - Lebenstanz","robots":{"index":"index","follow":"follow","max-snippet":"max-snippet:-1","max-image-preview":"max-image-preview:large","max-video-preview":"max-video-preview:-1"},"canonical":"https:\/\/lebenstanz.info\/fr\/2021\/06\/08\/ceremonie-de-debut-de-printemps\/","og_locale":"fr_FR","og_type":"article","og_title":"C\u00e9r\u00e9monie de d\u00e9but de printemps - Lebenstanz","og_url":"https:\/\/lebenstanz.info\/fr\/2021\/06\/08\/ceremonie-de-debut-de-printemps\/","og_site_name":"Lebenstanz","article_publisher":"https:\/\/www.facebook.com\/lebenstanzinfo\/","article_published_time":"2021-06-08T09:51:46+00:00","article_modified_time":"2024-01-18T15:03:35+00:00","og_image":[{"width":357,"height":357,"url":"https:\/\/lebenstanz.info\/wp-content\/uploads\/2016\/08\/Beitrag-2.jpg","type":"image\/jpeg"}],"author":"lebenstanz2021","twitter_card":"summary_large_image","twitter_misc":{"\u00c9crit par":"lebenstanz2021","Dur\u00e9e de lecture estim\u00e9e":"3 minutes"},"schema":{"@context":"https:\/\/schema.org","@graph":[{"@type":"Article","@id":"https:\/\/lebenstanz.info\/fr\/2021\/06\/08\/ceremonie-de-debut-de-printemps\/#article","isPartOf":{"@id":"https:\/\/lebenstanz.info\/fr\/2021\/06\/08\/ceremonie-de-debut-de-printemps\/"},"author":{"name":"lebenstanz2021","@id":"https:\/\/lebenstanz.info\/fr\/#\/schema\/person\/627faf1f642cac1ff32b706eac0d96b9"},"headline":"C\u00e9r\u00e9monie de d\u00e9but de printemps","datePublished":"2021-06-08T09:51:46+00:00","dateModified":"2024-01-18T15:03:35+00:00","mainEntityOfPage":{"@id":"https:\/\/lebenstanz.info\/fr\/2021\/06\/08\/ceremonie-de-debut-de-printemps\/"},"wordCount":664,"commentCount":0,"publisher":{"@id":"https:\/\/lebenstanz.info\/fr\/#organization"},"image":{"@id":"https:\/\/lebenstanz.info\/fr\/2021\/06\/08\/ceremonie-de-debut-de-printemps\/#primaryimage"},"thumbnailUrl":"https:\/\/lebenstanz.info\/wp-content\/uploads\/2016\/08\/Beitrag-2.jpg","articleSection":["Non classifi\u00e9(e)"],"inLanguage":"fr-FR","potentialAction":[{"@type":"CommentAction","name":"Comment","target":["https:\/\/lebenstanz.info\/fr\/2021\/06\/08\/ceremonie-de-debut-de-printemps\/#respond"]}]},{"@type":"WebPage","@id":"https:\/\/lebenstanz.info\/fr\/2021\/06\/08\/ceremonie-de-debut-de-printemps\/","url":"https:\/\/lebenstanz.info\/fr\/2021\/06\/08\/ceremonie-de-debut-de-printemps\/","name":"C\u00e9r\u00e9monie de d\u00e9but de printemps - Lebenstanz","isPartOf":{"@id":"https:\/\/lebenstanz.info\/fr\/#website"},"primaryImageOfPage":{"@id":"https:\/\/lebenstanz.info\/fr\/2021\/06\/08\/ceremonie-de-debut-de-printemps\/#primaryimage"},"image":{"@id":"https:\/\/lebenstanz.info\/fr\/2021\/06\/08\/ceremonie-de-debut-de-printemps\/#primaryimage"},"thumbnailUrl":"https:\/\/lebenstanz.info\/wp-content\/uploads\/2016\/08\/Beitrag-2.jpg","datePublished":"2021-06-08T09:51:46+00:00","dateModified":"2024-01-18T15:03:35+00:00","breadcrumb":{"@id":"https:\/\/lebenstanz.info\/fr\/2021\/06\/08\/ceremonie-de-debut-de-printemps\/#breadcrumb"},"inLanguage":"fr-FR","potentialAction":[{"@type":"ReadAction","target":["https:\/\/lebenstanz.info\/fr\/2021\/06\/08\/ceremonie-de-debut-de-printemps\/"]}]},{"@type":"ImageObject","inLanguage":"fr-FR","@id":"https:\/\/lebenstanz.info\/fr\/2021\/06\/08\/ceremonie-de-debut-de-printemps\/#primaryimage","url":"https:\/\/lebenstanz.info\/wp-content\/uploads\/2016\/08\/Beitrag-2.jpg","contentUrl":"https:\/\/lebenstanz.info\/wp-content\/uploads\/2016\/08\/Beitrag-2.jpg","width":357,"height":357},{"@type":"BreadcrumbList","@id":"https:\/\/lebenstanz.info\/fr\/2021\/06\/08\/ceremonie-de-debut-de-printemps\/#breadcrumb","itemListElement":[{"@type":"ListItem","position":1,"name":"Startseite","item":"https:\/\/lebenstanz.info\/fr\/accueil\/"},{"@type":"ListItem","position":2,"name":"C\u00e9r\u00e9monie de d\u00e9but de printemps"}]},{"@type":"WebSite","@id":"https:\/\/lebenstanz.info\/fr\/#website","url":"https:\/\/lebenstanz.info\/fr\/","name":"Lebenstanz","description":"Ein Traum ist Wirklichkeit","publisher":{"@id":"https:\/\/lebenstanz.info\/fr\/#organization"},"potentialAction":[{"@type":"SearchAction","target":{"@type":"EntryPoint","urlTemplate":"https:\/\/lebenstanz.info\/fr\/?s={search_term_string}"},"query-input":{"@type":"PropertyValueSpecification","valueRequired":true,"valueName":"search_term_string"}}],"inLanguage":"fr-FR"},{"@type":"Organization","@id":"https:\/\/lebenstanz.info\/fr\/#organization","name":"Lebenstanz","url":"https:\/\/lebenstanz.info\/fr\/","logo":{"@type":"ImageObject","inLanguage":"fr-FR","@id":"https:\/\/lebenstanz.info\/fr\/#\/schema\/logo\/image\/","url":"https:\/\/lebenstanz.info\/wp-content\/uploads\/2021\/10\/Logo_Lebenstanz_160.png","contentUrl":"https:\/\/lebenstanz.info\/wp-content\/uploads\/2021\/10\/Logo_Lebenstanz_160.png","width":160,"height":160,"caption":"Lebenstanz"},"image":{"@id":"https:\/\/lebenstanz.info\/fr\/#\/schema\/logo\/image\/"},"sameAs":["https:\/\/www.facebook.com\/lebenstanzinfo\/"]},{"@type":"Person","@id":"https:\/\/lebenstanz.info\/fr\/#\/schema\/person\/627faf1f642cac1ff32b706eac0d96b9","name":"lebenstanz2021","sameAs":["https:\/\/lebenstanz.info"],"url":"https:\/\/lebenstanz.info\/fr\/author\/lebenstanz2021\/"}]}},"_links":{"self":[{"href":"https:\/\/lebenstanz.info\/fr\/wp-json\/wp\/v2\/posts\/3289","targetHints":{"allow":["GET"]}}],"collection":[{"href":"https:\/\/lebenstanz.info\/fr\/wp-json\/wp\/v2\/posts"}],"about":[{"href":"https:\/\/lebenstanz.info\/fr\/wp-json\/wp\/v2\/types\/post"}],"author":[{"embeddable":true,"href":"https:\/\/lebenstanz.info\/fr\/wp-json\/wp\/v2\/users\/1"}],"replies":[{"embeddable":true,"href":"https:\/\/lebenstanz.info\/fr\/wp-json\/wp\/v2\/comments?post=3289"}],"version-history":[{"count":10,"href":"https:\/\/lebenstanz.info\/fr\/wp-json\/wp\/v2\/posts\/3289\/revisions"}],"predecessor-version":[{"id":3382,"href":"https:\/\/lebenstanz.info\/fr\/wp-json\/wp\/v2\/posts\/3289\/revisions\/3382"}],"wp:featuredmedia":[{"embeddable":true,"href":"https:\/\/lebenstanz.info\/fr\/wp-json\/wp\/v2\/media\/2637"}],"wp:attachment":[{"href":"https:\/\/lebenstanz.info\/fr\/wp-json\/wp\/v2\/media?parent=3289"}],"wp:term":[{"taxonomy":"category","embeddable":true,"href":"https:\/\/lebenstanz.info\/fr\/wp-json\/wp\/v2\/categories?post=3289"},{"taxonomy":"post_tag","embeddable":true,"href":"https:\/\/lebenstanz.info\/fr\/wp-json\/wp\/v2\/tags?post=3289"}],"curies":[{"name":"wp","href":"https:\/\/api.w.org\/{rel}","templated":true}]}}